{"id":229,"date":"2013-11-17T16:57:56","date_gmt":"2013-11-17T14:57:56","guid":{"rendered":"http:\/\/one-photo.net\/Wordpress\/?p=229"},"modified":"2017-07-19T13:32:19","modified_gmt":"2017-07-19T11:32:19","slug":"recht-am-bild-notwendiges-wissen-fur-alle-fotografen","status":"publish","type":"post","link":"https:\/\/one-photo.net\/Wordpress\/2013\/11\/recht-am-bild-notwendiges-wissen-fur-alle-fotografen\/","title":{"rendered":"Recht am Bild &#8211; notwendiges Wissen f\u00fcr alle Fotografen"},"content":{"rendered":"<p>Lieber\u00a0Blog-Leser.<\/p>\n<p>Heute m\u00f6chte ich auf ein Buch hinweisen, <strong>das f\u00fcr jeden interessant ist, der<\/strong><br \/>\n<strong> gern Fotos macht und diese auch ver\u00f6ffentlicht.<\/strong><br \/>\nUnter Ver\u00f6ffentlichung f\u00e4llt nat\u00fcrlich auch das Hochladen bei Facebook<br \/>\noder in einem anderen Social Network oder Community.<\/p>\n<p>Beim\u00a0<strong>aktiven fotografieren<\/strong> und\u00a0uploaden vergisst\u00a0man oft, dass es<br \/>\n<strong>Gesetze<\/strong> gibt um die Rechte\u00a0von\u00a0K\u00fcnstlern, Sch\u00f6pfern, Personen, geistigem Eigentum\u00a0uvm. zu sch\u00fctzen. Diese Gesetze sind weit umfangreicher als man oft annimmt. <strong>Auch wenn<\/strong> man beruflich sein Geld nicht mit der Fotografie verdient und rein <strong>privat fotografiert<\/strong>, kann man Fehler machen, die zu einem Bu\u00dfgeld oder schlimmeren f\u00fchren.<\/p>\n<p><a href=\"https:\/\/one-photo.net\/Wordpress\/wp-content\/uploads\/2013\/11\/MG_7652.jpg\"><img loading=\"lazy\" decoding=\"async\" class=\"alignleft size-full wp-image-232\" src=\"https:\/\/one-photo.net\/Wordpress\/wp-content\/uploads\/2013\/11\/MG_7652.jpg\" alt=\"Recht am Bild 2\" width=\"547\" height=\"352\" srcset=\"https:\/\/one-photo.net\/Wordpress\/wp-content\/uploads\/2013\/11\/MG_7652.jpg 547w, https:\/\/one-photo.net\/Wordpress\/wp-content\/uploads\/2013\/11\/MG_7652-300x193.jpg 300w, https:\/\/one-photo.net\/Wordpress\/wp-content\/uploads\/2013\/11\/MG_7652-466x300.jpg 466w\" sizes=\"auto, (max-width: 547px) 100vw, 547px\" \/><\/a> <a href=\"https:\/\/one-photo.net\/Wordpress\/wp-content\/uploads\/2013\/11\/MG_7654.jpg\"><img loading=\"lazy\" decoding=\"async\" class=\"alignleft size-full wp-image-233\" src=\"https:\/\/one-photo.net\/Wordpress\/wp-content\/uploads\/2013\/11\/MG_7654.jpg\" alt=\"Recht am Bild\" width=\"547\" height=\"365\" srcset=\"https:\/\/one-photo.net\/Wordpress\/wp-content\/uploads\/2013\/11\/MG_7654.jpg 547w, https:\/\/one-photo.net\/Wordpress\/wp-content\/uploads\/2013\/11\/MG_7654-300x200.jpg 300w, https:\/\/one-photo.net\/Wordpress\/wp-content\/uploads\/2013\/11\/MG_7654-449x300.jpg 449w\" sizes=\"auto, (max-width: 547px) 100vw, 547px\" \/><\/a><\/p>\n<p>Das <strong>Buch &#8222;Recht am Bild&#8220;<\/strong> von Florian Wankenrecht und Deniis T\u00f6lle gibt verst\u00e4ndliche Auskunft zu allen Belangen im Thema Fotorecht.<\/p>\n<p><strong>Die Themen sind:<\/strong><\/p>\n<ul>\n<li>gesetzl. Fotografie verb\u00f6te<\/li>\n<li>Urheberschaft von Bildern<\/li>\n<li>Rechte d. Fotografen<\/li>\n<li>Einschr\u00e4nkungen der Rechte des Fotografen<\/li>\n<li>Verh\u00e4ltnis zwischen Model und Fotografen<\/li>\n<li>Besonderheiten Aktfotografie<\/li>\n<li>Praxisbeispiele<\/li>\n<li>Bildnutzung in der digitalen Welt<\/li>\n<li>der Fotograf in der Selbstst\u00e4ndigkeit<\/li>\n<li>der Fotograf im Dienstl.-Verh\u00e4ltnis<\/li>\n<li>Verwertungsgesellschaften<\/li>\n<li>Erwerb b. Fotoagenturen<\/li>\n<li>Verletzung von Rechten und Konsequenzen<\/li>\n<li>Rechtsdurchsetzung<\/li>\n<li>Vertr\u00e4ge<\/li>\n<\/ul>\n<p>Alle diese Themen sind wirklich anschaulich und sehr verst\u00e4ndlich erkl\u00e4rt.<br \/>\nDas Buch ist einwandfrei lesbar aufgebaut ist. Die Texte sind kurz und verst\u00e4ndlich.<br \/>\nAlle m\u00f6glichen Situationen die einem Hobby- wie Berufsfotografen oder Model so<br \/>\nbegegnen k\u00f6nnen sind hier (rechtlich) thematisiert.<\/p>\n<p>Ich habe mich zum Beispiel schon immer gefragt, wie das eigentlich geregelt ist, dass man mich auf Partys fotografiert wird und dann noch\u00a0auf einer Website ver\u00f6ffentlicht ist oder sogar in\u00a0einem Partyheft gedruckt ist, ohne dass man schriftlich eingewilligt hat.<br \/>\nAuch dar\u00fcber gibt es ein Kapitel.<\/p>\n<p><strong>Fazit:<\/strong><br \/>\nNach dem Durcharbeiten des Buches, <strong>wei\u00df man \u00fcber die rechtliche Seite<\/strong><br \/>\n<strong> der Fotografie bescheid<\/strong> und ist in der Lage einfache Vertr\u00e4ge\u00a0zu beurteilen und zu erstellen. Au\u00dferdem wei\u00df man, was man bedenkenlos fotografieren und ver\u00f6ffentlichen kann, was man lieber l\u00e4sst und, vor allem, was man selbst f\u00fcr &#8222;komfortable&#8220; Rechte hat.<\/p>\n<p><strong> F\u00fcr mich eine klare,\u00a0Empfehlung,<\/strong> die ihre 38 Euro in jedem Fall wert ist und in<br \/>\ndas B\u00fccheregal eines jeden Fotografen (ob Hobby oder beruflich) geh\u00f6rt.<\/p>\n<p>Recht am Bild, ISBN: 978-3-86490-010-5<a href=\"http:\/\/www.amazon.de\/gp\/product\/3864900107\/ref=oh_details_o00_s00_i03?ie=UTF8&amp;psc=1\"><br \/>\nLink zum Buch bei\u00a0Amazon<\/a><\/p>\n<p>&nbsp;<\/p>\n","protected":false},"excerpt":{"rendered":"<p>Lieber\u00a0Blog-Leser. Heute m\u00f6chte ich auf ein Buch hinweisen, das f\u00fcr jeden interessant ist, der gern Fotos macht und diese auch ver\u00f6ffentlicht. Unter Ver\u00f6ffentlichung f\u00e4llt nat\u00fcrlich auch das Hochladen bei Facebook oder in einem anderen Social Network oder Community. Beim\u00a0aktiven fotografieren und\u00a0uploaden vergisst\u00a0man oft, dass es Gesetze gibt um die Rechte\u00a0von\u00a0K\u00fcnstlern, Sch\u00f6pfern, Personen, geistigem Eigentum\u00a0uvm. zu&#8230;<\/p>\n","protected":false},"author":2,"featured_media":233,"comment_status":"open","ping_status":"open","sticky":false,"template":"","format":"standard","meta":{"footnotes":""},"categories":[8],"tags":[28,26,27,25],"class_list":["post-229","post","type-post","status-publish","format-standard","has-post-thumbnail","hentry","category-news","tag-buchempfehlung","tag-fotorecht","tag-recht","tag-recht-am-bild"],"_links":{"self":[{"href":"https:\/\/one-photo.net\/Wordpress\/wp-json\/wp\/v2\/posts\/229","targetHints":{"allow":["GET"]}}],"collection":[{"href":"https:\/\/one-photo.net\/Wordpress\/wp-json\/wp\/v2\/posts"}],"about":[{"href":"https:\/\/one-photo.net\/Wordpress\/wp-json\/wp\/v2\/types\/post"}],"author":[{"embeddable":true,"href":"https:\/\/one-photo.net\/Wordpress\/wp-json\/wp\/v2\/users\/2"}],"replies":[{"embeddable":true,"href":"https:\/\/one-photo.net\/Wordpress\/wp-json\/wp\/v2\/comments?post=229"}],"version-history":[{"count":13,"href":"https:\/\/one-photo.net\/Wordpress\/wp-json\/wp\/v2\/posts\/229\/revisions"}],"predecessor-version":[{"id":1669,"href":"https:\/\/one-photo.net\/Wordpress\/wp-json\/wp\/v2\/posts\/229\/revisions\/1669"}],"wp:featuredmedia":[{"embeddable":true,"href":"https:\/\/one-photo.net\/Wordpress\/wp-json\/wp\/v2\/media\/233"}],"wp:attachment":[{"href":"https:\/\/one-photo.net\/Wordpress\/wp-json\/wp\/v2\/media?parent=229"}],"wp:term":[{"taxonomy":"category","embeddable":true,"href":"https:\/\/one-photo.net\/Wordpress\/wp-json\/wp\/v2\/categories?post=229"},{"taxonomy":"post_tag","embeddable":true,"href":"https:\/\/one-photo.net\/Wordpress\/wp-json\/wp\/v2\/tags?post=229"}],"curies":[{"name":"wp","href":"https:\/\/api.w.org\/{rel}","templated":true}]}}